{"id":684,"date":"2014-10-24T07:01:28","date_gmt":"2014-10-24T06:01:28","guid":{"rendered":"http:\/\/www.strohbachorgel-elstra.de\/?p=684"},"modified":"2014-11-13T20:28:53","modified_gmt":"2014-11-13T19:28:53","slug":"30-10-2014-willst-du-dein-herz-mir-schenken-barockkonzert","status":"publish","type":"post","link":"https:\/\/www.strohbachorgel-elstra.de\/?p=684","title":{"rendered":"30.10.2014 &#8222;Willst du Dein Herz mir schenken&#8220; &#8211; Barockkonzert"},"content":{"rendered":"<p>Ein Konzert des Kurf\u00fcrstlich-S\u00e4chsischen Barockensembles mit Liedern, Arien, altbekannten Volksweisen und Instrumentalwerken\u00a0des 17. und 18. Jahrhunderts<br \/>\ngespickt mit Poesie und Geschichten dieser Zeit.<\/p>\n<p><a href=\"http:\/\/www.strohbachorgel-elstra.de\/wp-content\/uploads\/2014\/10\/Baock.jpg\"><img loading=\"lazy\" decoding=\"async\" class=\"alignleft size-full wp-image-685\" src=\"http:\/\/www.strohbachorgel-elstra.de\/wp-content\/uploads\/2014\/10\/Baock.jpg\" alt=\"Baock\" width=\"521\" height=\"377\" srcset=\"https:\/\/www.strohbachorgel-elstra.de\/wp-content\/uploads\/2014\/10\/Baock.jpg 521w, https:\/\/www.strohbachorgel-elstra.de\/wp-content\/uploads\/2014\/10\/Baock-300x217.jpg 300w\" sizes=\"auto, (max-width: 521px) 100vw, 521px\" \/><\/a><\/p>\n<p>&nbsp;<\/p>\n<p>&nbsp;<\/p>\n<p><strong>\ufffcKurf\u00fcrstlich S\u00e4chsisches Barockensemble<\/strong><br \/>\nDas Kurf\u00fcrstlich-S\u00e4chsische Barockensemble formierte sich im Jahre 2004, um gemeinsam Liedgut und Instrumentalmusik der Barockzeit wiederzubeleben und lebendig zu halten. Eingebettet in Erz\u00e4hlungen \u00fcber den Lebensstil sowie die Sitten und Gebr\u00e4uche dieser Epoche, gespickt mit Poesie, nehmen wir Sie mit auf eine Zeitreise der besonderen Art.<br \/>\nSeit 2009 ist das Kurf\u00fcrstlich-S\u00e4chsische Barockensemble nun auch den deutschen Volksliedern und -weisen auf der Spur. Dieses Liedgut unterlag im Laufe der Zeit vielen Wandlungen, ob es \u00c4nderungen der Textfassung, der Melodie oder des Stimmsatzes waren. Wir ergr\u00fcnden f\u00fcr Sie die Urspr\u00fcnge und bringen Sie Ihnen zu Geh\u00f6r.<\/p>\n<p>Wir, das sind:<br \/>\nRegina Schwabe &#8211; Mezzosopran<br \/>\n<a title=\"Silvia Weise\" href=\"http:\/\/www.strohbachorgel-elstra.de\/?p=688\">Silvia Weise<\/a> &#8211; Querfl\u00f6te, Blockfl\u00f6te, Alt<br \/>\nThomas Reuter &#8211; Kontrabass<br \/>\nManfred Kugler &#8211; Tasteninstrument<\/p>\n<p>Gern bereichern wir auch Ihre Feiern aller Art.<br \/>\nKontakt: Regina Schwabe &#8211; barockensemble_dd@freenet.de &#8211; 0351\/ 4112376<\/p>\n<p><a href=\"http:\/\/www.strohbachorgel-elstra.de\/wp-content\/uploads\/2014\/10\/IMG_3595.jpg\"><img loading=\"lazy\" decoding=\"async\" class=\"alignleft size-large wp-image-693\" src=\"http:\/\/www.strohbachorgel-elstra.de\/wp-content\/uploads\/2014\/10\/IMG_3595-1024x682.jpg\" alt=\"IMG_3595\" width=\"640\" height=\"426\" srcset=\"https:\/\/www.strohbachorgel-elstra.de\/wp-content\/uploads\/2014\/10\/IMG_3595-1024x682.jpg 1024w, https:\/\/www.strohbachorgel-elstra.de\/wp-content\/uploads\/2014\/10\/IMG_3595-300x200.jpg 300w\" sizes=\"auto, (max-width: 640px) 100vw, 640px\" \/><\/a> <a href=\"http:\/\/www.strohbachorgel-elstra.de\/wp-content\/uploads\/2014\/10\/IMG_3599.jpg\"><img loading=\"lazy\" decoding=\"async\" class=\"alignleft size-large wp-image-694\" src=\"http:\/\/www.strohbachorgel-elstra.de\/wp-content\/uploads\/2014\/10\/IMG_3599-1024x682.jpg\" alt=\"IMG_3599\" width=\"640\" height=\"426\" srcset=\"https:\/\/www.strohbachorgel-elstra.de\/wp-content\/uploads\/2014\/10\/IMG_3599-1024x682.jpg 1024w, https:\/\/www.strohbachorgel-elstra.de\/wp-content\/uploads\/2014\/10\/IMG_3599-300x200.jpg 300w\" sizes=\"auto, (max-width: 640px) 100vw, 640px\" \/><\/a> <a href=\"http:\/\/www.strohbachorgel-elstra.de\/wp-content\/uploads\/2014\/10\/IMG_3607.jpg\"><img loading=\"lazy\" decoding=\"async\" class=\"alignleft size-large wp-image-696\" src=\"http:\/\/www.strohbachorgel-elstra.de\/wp-content\/uploads\/2014\/10\/IMG_3607-1024x682.jpg\" alt=\"IMG_3607\" width=\"640\" height=\"426\" srcset=\"https:\/\/www.strohbachorgel-elstra.de\/wp-content\/uploads\/2014\/10\/IMG_3607-1024x682.jpg 1024w, https:\/\/www.strohbachorgel-elstra.de\/wp-content\/uploads\/2014\/10\/IMG_3607-300x200.jpg 300w\" sizes=\"auto, (max-width: 640px) 100vw, 640px\" \/><\/a> <a href=\"http:\/\/www.strohbachorgel-elstra.de\/wp-content\/uploads\/2014\/10\/IMG_3612.jpg\"><img loading=\"lazy\" decoding=\"async\" class=\"alignleft size-large wp-image-697\" src=\"http:\/\/www.strohbachorgel-elstra.de\/wp-content\/uploads\/2014\/10\/IMG_3612-1024x682.jpg\" alt=\"IMG_3612\" width=\"640\" height=\"426\" srcset=\"https:\/\/www.strohbachorgel-elstra.de\/wp-content\/uploads\/2014\/10\/IMG_3612-1024x682.jpg 1024w, https:\/\/www.strohbachorgel-elstra.de\/wp-content\/uploads\/2014\/10\/IMG_3612-300x200.jpg 300w\" sizes=\"auto, (max-width: 640px) 100vw, 640px\" \/><\/a> <a href=\"http:\/\/www.strohbachorgel-elstra.de\/wp-content\/uploads\/2014\/10\/IMG_3614.jpg\"><img loading=\"lazy\" decoding=\"async\" class=\"alignleft size-large wp-image-698\" src=\"http:\/\/www.strohbachorgel-elstra.de\/wp-content\/uploads\/2014\/10\/IMG_3614-1024x682.jpg\" alt=\"IMG_3614\" width=\"640\" height=\"426\" srcset=\"https:\/\/www.strohbachorgel-elstra.de\/wp-content\/uploads\/2014\/10\/IMG_3614-1024x682.jpg 1024w, https:\/\/www.strohbachorgel-elstra.de\/wp-content\/uploads\/2014\/10\/IMG_3614-300x200.jpg 300w\" sizes=\"auto, (max-width: 640px) 100vw, 640px\" \/><\/a><\/p>\n<p>&nbsp;<\/p>\n","protected":false},"excerpt":{"rendered":"<p>Ein Konzert des Kurf\u00fcrstlich-S\u00e4chsischen Barockensembles mit Liedern, Arien, altbekannten Volksweisen und Instrumentalwerken\u00a0des 17. und 18. Jahrhunderts gespickt mit Poesie und Geschichten dieser Zeit. &nbsp; &nbsp; \ufffcKurf\u00fcrstlich S\u00e4chsisches Barockensemble Das Kurf\u00fcrstlich-S\u00e4chsische Barockensemble formierte sich im Jahre 2004, um gemeinsam Liedgut und &hellip; <a href=\"https:\/\/www.strohbachorgel-elstra.de\/?p=684\">Weiterlesen <span class=\"meta-nav\">&rarr;<\/span><\/a><\/p>\n","protected":false},"author":1,"featured_media":0,"comment_status":"closed","ping_status":"open","sticky":false,"template":"","format":"standard","meta":{"footnotes":""},"categories":[1],"tags":[],"class_list":["post-684","post","type-post","status-publish","format-standard","hentry","category-allgemein"],"_links":{"self":[{"href":"https:\/\/www.strohbachorgel-elstra.de\/index.php?rest_route=\/wp\/v2\/posts\/684","targetHints":{"allow":["GET"]}}],"collection":[{"href":"https:\/\/www.strohbachorgel-elstra.de\/index.php?rest_route=\/wp\/v2\/posts"}],"about":[{"href":"https:\/\/www.strohbachorgel-elstra.de\/index.php?rest_route=\/wp\/v2\/types\/post"}],"author":[{"embeddable":true,"href":"https:\/\/www.strohbachorgel-elstra.de\/index.php?rest_route=\/wp\/v2\/users\/1"}],"replies":[{"embeddable":true,"href":"https:\/\/www.strohbachorgel-elstra.de\/index.php?rest_route=%2Fwp%2Fv2%2Fcomments&post=684"}],"version-history":[{"count":4,"href":"https:\/\/www.strohbachorgel-elstra.de\/index.php?rest_route=\/wp\/v2\/posts\/684\/revisions"}],"predecessor-version":[{"id":708,"href":"https:\/\/www.strohbachorgel-elstra.de\/index.php?rest_route=\/wp\/v2\/posts\/684\/revisions\/708"}],"wp:attachment":[{"href":"https:\/\/www.strohbachorgel-elstra.de\/index.php?rest_route=%2Fwp%2Fv2%2Fmedia&parent=684"}],"wp:term":[{"taxonomy":"category","embeddable":true,"href":"https:\/\/www.strohbachorgel-elstra.de\/index.php?rest_route=%2Fwp%2Fv2%2Fcategories&post=684"},{"taxonomy":"post_tag","embeddable":true,"href":"https:\/\/www.strohbachorgel-elstra.de\/index.php?rest_route=%2Fwp%2Fv2%2Ftags&post=684"}],"curies":[{"name":"wp","href":"https:\/\/api.w.org\/{rel}","templated":true}]}}