{"id":835,"date":"2015-11-09T21:02:34","date_gmt":"2015-11-09T20:02:34","guid":{"rendered":"http:\/\/www.strohbachorgel-elstra.de\/?p=835"},"modified":"2015-11-09T21:02:34","modified_gmt":"2015-11-09T20:02:34","slug":"07-12-2015-orgeltuerchen","status":"publish","type":"post","link":"https:\/\/www.strohbachorgel-elstra.de\/?p=835","title":{"rendered":"07.12.2015 &#8222;Orgelt\u00fcrchen&#8220;"},"content":{"rendered":"<p>Am 07.12.2015 \u00f6ffnen wir wieder das &#8222;Orgelt\u00fcrchen&#8220; des Offenen Adventskalenders 2015.<\/p>\n<p>Kommen Sie um 18:00 Uhr zum Haupteingang der St.-Michaelis-Kirche Elstra. Bringen Sie bitte eine Laterne oder ein Windlicht, ein Gl\u00f6ckchen\u00a0und eine Tasse f\u00fcr den Orgeltrunk mit.<\/p>\n<p>Alle Elstraer und G\u00e4ste sind herzlich eingeladen.<\/p>\n<p>&nbsp;<\/p>\n","protected":false},"excerpt":{"rendered":"<p>Am 07.12.2015 \u00f6ffnen wir wieder das &#8222;Orgelt\u00fcrchen&#8220; des Offenen Adventskalenders 2015. Kommen Sie um 18:00 Uhr zum Haupteingang der St.-Michaelis-Kirche Elstra. Bringen Sie bitte eine Laterne oder ein Windlicht, ein Gl\u00f6ckchen\u00a0und eine Tasse f\u00fcr den Orgeltrunk mit. Alle Elstraer und &hellip; <a href=\"https:\/\/www.strohbachorgel-elstra.de\/?p=835\">Weiterlesen <span class=\"meta-nav\">&rarr;<\/span><\/a><\/p>\n","protected":false},"author":1,"featured_media":0,"comment_status":"closed","ping_status":"open","sticky":false,"template":"","format":"standard","meta":{"footnotes":""},"categories":[1],"tags":[],"class_list":["post-835","post","type-post","status-publish","format-standard","hentry","category-allgemein"],"_links":{"self":[{"href":"https:\/\/www.strohbachorgel-elstra.de\/index.php?rest_route=\/wp\/v2\/posts\/835","targetHints":{"allow":["GET"]}}],"collection":[{"href":"https:\/\/www.strohbachorgel-elstra.de\/index.php?rest_route=\/wp\/v2\/posts"}],"about":[{"href":"https:\/\/www.strohbachorgel-elstra.de\/index.php?rest_route=\/wp\/v2\/types\/post"}],"author":[{"embeddable":true,"href":"https:\/\/www.strohbachorgel-elstra.de\/index.php?rest_route=\/wp\/v2\/users\/1"}],"replies":[{"embeddable":true,"href":"https:\/\/www.strohbachorgel-elstra.de\/index.php?rest_route=%2Fwp%2Fv2%2Fcomments&post=835"}],"version-history":[{"count":1,"href":"https:\/\/www.strohbachorgel-elstra.de\/index.php?rest_route=\/wp\/v2\/posts\/835\/revisions"}],"predecessor-version":[{"id":836,"href":"https:\/\/www.strohbachorgel-elstra.de\/index.php?rest_route=\/wp\/v2\/posts\/835\/revisions\/836"}],"wp:attachment":[{"href":"https:\/\/www.strohbachorgel-elstra.de\/index.php?rest_route=%2Fwp%2Fv2%2Fmedia&parent=835"}],"wp:term":[{"taxonomy":"category","embeddable":true,"href":"https:\/\/www.strohbachorgel-elstra.de\/index.php?rest_route=%2Fwp%2Fv2%2Fcategories&post=835"},{"taxonomy":"post_tag","embeddable":true,"href":"https:\/\/www.strohbachorgel-elstra.de\/index.php?rest_route=%2Fwp%2Fv2%2Ftags&post=835"}],"curies":[{"name":"wp","href":"https:\/\/api.w.org\/{rel}","templated":true}]}}